{"id":446,"date":"2019-09-19T15:00:53","date_gmt":"2019-09-19T13:00:53","guid":{"rendered":"http:\/\/minisante.bi\/?p=446"},"modified":"2020-09-18T10:19:37","modified_gmt":"2020-09-18T08:19:37","slug":"ceremonie-du-lancement-de-la-premiere-conference-nationale-sur-la-sante-edition-2019","status":"publish","type":"post","link":"https:\/\/minisante.gov.bi\/?p=446","title":{"rendered":"CEREMONIE DU LANCEMENT DE LA PREMIERE CONFERENCE NATIONALE SUR LA SANTE EDITION 2019"},"content":{"rendered":"\n<p>Le Burundi a organis\u00e9 la premi\u00e8re la Conf\u00e9rence Nationale sur la Sante du 16 au 18 septembre 2019 \u00e0 l\u2019h\u00f4tel Club du Lac Tanganyika. Les c\u00e9r\u00e9monies d\u2019ouverture officielle \u00e9taient rehauss\u00e9es par <em><strong>S.E Dr Joseph BUTORE, Deuxi\u00e8me Vice-Pr\u00e9sident de la R\u00e9publique du Burundi<\/strong>. <\/em><\/p>\n\n\n\n<p>Le th\u00e8me de cette conf\u00e9rence \u00e9tait <em>\u00ab<\/em><em> Droit \u00e0 la Sant\u00e9 et Bien-\u00eatre pour\nTous \u00e0 travers l\u2019Action Multisectorielle et la Sant\u00e9 dans toutes les Politiques\n\u00bb.<\/em> Ce th\u00e8me aborde de fa\u00e7on horizontale les d\u00e9fis li\u00e9s \u00e0 la couverture sanitaire\nuniverselle, les d\u00e9terminants sociaux de la sant\u00e9, la nutrition, la sant\u00e9\nmaternelle, n\u00e9onatale et des adolescents, les avantages des approches multisectorielles,\nla contribution des acteurs non \u00e9tatiques et les d\u00e9fis li\u00e9s aux m\u00e9canicismes de\nfinancement de la sant\u00e9.&nbsp; <\/p>\n\n\n\n<div class=\"wp-block-image\"><figure class=\"aligncenter is-resized\"><img fetchpriority=\"high\" decoding=\"async\" src=\"http:\/\/minisante.bi\/wp-content\/uploads\/IMG_20190913_102134-2.jpg\" alt=\"\" class=\"wp-image-458\" width=\"592\" height=\"445\" srcset=\"https:\/\/minisante.gov.bi\/wp-content\/uploads\/IMG_20190913_102134-2.jpg 448w, https:\/\/minisante.gov.bi\/wp-content\/uploads\/IMG_20190913_102134-2-300x225.jpg 300w, https:\/\/minisante.gov.bi\/wp-content\/uploads\/IMG_20190913_102134-2-326x245.jpg 326w, https:\/\/minisante.gov.bi\/wp-content\/uploads\/IMG_20190913_102134-2-80x60.jpg 80w\" sizes=\"(max-width: 592px) 100vw, 592px\" \/><figcaption> <em><strong>Sur cette photo de gauche \u00e0 droite le Ministre de la sant\u00e9 publique et de la lutte contre le Sida, Son Excellence monsieur le 2<sup>\u00e9me<\/sup> Vice- Pr\u00e9sident de la R\u00e9publique du Burundi, le Repr\u00e9sentant de l\u2019Organisation Mondiale de la sant\u00e9 au Burundi et le Maire de la ville de Bujumbura<\/strong><\/em> <\/figcaption><\/figure><\/div>\n\n\n\n<p>Dans son mot bienvenue le Maire de la ville de Bujumbura,\nHonorable Freddy MBONIMPA, s\u2019est r\u00e9jouit du fait que la Mairie de Bujumbura a\n\u00e9t\u00e9 choisie pour abriter la premi\u00e8re Conf\u00e9rence Nationale sur la Sant\u00e9.<\/p>\n\n\n\n<p>Le Repr\u00e9sentant de l\u2019OMS au Burundi quant \u00e0 lui, a\nfait savoir que le th\u00e8me de la conf\u00e9rence cadre bien avec la mission de\nl\u2019Organisation Mondiale de la Sant\u00e9 tel que d\u00e9crite dans le 13<sup>\u00e8me<\/sup> Programme\nde Travail&nbsp;\u00ab<em>&nbsp;Promouvoir la sant\u00e9, pr\u00e9server la s\u00e9curit\u00e9 mondiale\net enfin, servir les populations vuln\u00e9rables&nbsp;\u00bb.<\/em> Il est aussi,\nparfaitement align\u00e9 avec la d\u00e9claration d\u2019Astana de 2018, <em>\u00ab&nbsp;un nouvel engagement\nmondial en faveur des soins de sant\u00e9 primaires pour tous qui trace la voie \u00e0\nsuivre pour l\u2019instauration de la couverture sanitaire universelle&nbsp;\u00bb.<\/em><\/p>\n\n\n\n<p>Pour sa part, le Ministre de Sant\u00e9 Publique et de\nla Lutte contre le Sida Dr Thadd\u00e9e Ndikumana a indiqu\u00e9 que l\u2019organisation de la\nConf\u00e9rence Nationale sur la Sant\u00e9 au Burundi est une occasion en or, pour\ndiscuter entre les acteurs du secteur de la sant\u00e9 sur les d\u00e9fis auxquels fait\nface notre syst\u00e8me de sant\u00e9, d\u00e9gager les priorit\u00e9s communes pour r\u00e9aliser la\ncouverture sanitaire universelle et tendre vers les objectifs pour le\nd\u00e9veloppement durable. C\u2019est aussi une opportunit\u00e9 pour le Gouvernement du\nBurundi en collaboration avec ses partenaires de s\u2019inscrire dans la dynamique\nmondiale des soins de Sant\u00e9 Primaires pour l\u2019acc\u00e9l\u00e9ration de la marche vers la\nCouverture Sanitaire Universelle.<\/p>\n\n\n\n<p><strong><em>\u00ab&nbsp;Tout le monde, partout doit avoir\nacc\u00e8s \u00e0 des services de sant\u00e9 de qualit\u00e9 \u00e0 un co\u00fbt abordable&nbsp;\u00bb a d\u00e9clar\u00e9\nle Ministre de la Sant\u00e9 et de la Lutte contre le Sida, Dr Thadd\u00e9e NDIKUMANA<\/em><\/strong><\/p>\n\n\n\n<p>Dans le discours de circonstance, Son Excellence Monsieur le Deuxi\u00e8me\nVice-Pr\u00e9sident de la R\u00e9publique S.E Dr Joseph Butore souligne que le triple int\u00e9r\u00eat de cette conf\u00e9rence est&nbsp;d\u2019apporter\ndes r\u00e9ponses ad\u00e9quates et r\u00e9alistes aux &nbsp;&nbsp;d\u00e9fis li\u00e9s \u00e0 la mise en application de la\nCouverture Sanitaire Universelle, d\u2019analyser les d\u00e9terminants sociaux avec un\naccent particulier sur la nutrition et de proposer des interventions durables\net enfin d\u2019identifier les priorit\u00e9s communes, les partager avec les&nbsp; partenaires afin de s\u2019en servir pour&nbsp; guider&nbsp;\nles processus de planification et d\u2019\u00e9laboration de nos politiques.<\/p>\n\n\n\n<p>Son Excellence Monsieur le Deuxi\u00e8me Vice-Pr\u00e9sident de la R\u00e9publique \u00e9galement a indiqu\u00e9 que la couverture de la Sant\u00e9 Universelle est fond\u00e9e sur la conviction, que la sant\u00e9 est un droit fondamental, et non un privil\u00e8ge. C\u2019est un imp\u00e9ratif moral de donner \u00e0 Tous et \u00e0 Toutes l\u2019acc\u00e8s aux soins de sant\u00e9, et de construire des soci\u00e9t\u00e9s plus saines, un monde plus s\u00fbr, plus juste, et en meilleure sant\u00e9.<\/p>\n\n\n\n<figure class=\"wp-block-image is-resized\"><img decoding=\"async\" src=\"http:\/\/minisante.bi\/wp-content\/uploads\/IMG_20190913_102158.jpg\" alt=\"\" class=\"wp-image-451\" width=\"587\" height=\"470\" \/><figcaption><em><strong>Photo des participants<\/strong><\/em><\/figcaption><\/figure>\n","protected":false},"excerpt":{"rendered":"<p>Le Burundi a organis\u00e9 la premi\u00e8re la Conf\u00e9rence Nationale sur la Sante du 16 au 18 septembre 2019 \u00e0 l\u2019h\u00f4tel Club du Lac Tanganyika. Les c\u00e9r\u00e9monies d\u2019ouverture officielle \u00e9taient rehauss\u00e9es par S.E Dr Joseph BUTORE, Deuxi\u00e8me Vice-Pr\u00e9sident de la R\u00e9publique du Burundi. Le th\u00e8me de cette conf\u00e9rence \u00e9tait \u00ab Droit \u00e0 la Sant\u00e9 et Bien-\u00eatre [&hellip;]<\/p>\n","protected":false},"author":2,"featured_media":459,"comment_status":"closed","ping_status":"closed","sticky":false,"template":"","format":"standard","meta":{"site-sidebar-layout":"default","site-content-layout":"","ast-site-content-layout":"default","site-content-style":"default","site-sidebar-style":"default","ast-global-header-display":"","ast-banner-title-visibility":"","ast-main-header-display":"","ast-hfb-above-header-display":"","ast-hfb-below-header-display":"","ast-hfb-mobile-header-display":"","site-post-title":"","ast-breadcrumbs-content":"","ast-featured-img":"","footer-sml-layout":"","ast-disable-related-posts":"","theme-transparent-header-meta":"","adv-header-id-meta":"","stick-header-meta":"","header-above-stick-meta":"","header-main-stick-meta":"","header-below-stick-meta":"","astra-migrate-meta-layouts":"default","ast-page-background-enabled":"default","ast-page-background-meta":{"desktop":{"background-color":"var(--ast-global-color-5)","background-image":"","background-repeat":"repeat","background-position":"center center","background-size":"auto","background-attachment":"scroll","background-type":"","background-media":"","overlay-type":"","overlay-color":"","overlay-opacity":"","overlay-gradient":""},"tablet":{"background-color":"","background-image":"","background-repeat":"repeat","background-position":"center center","background-size":"auto","background-attachment":"scroll","background-type":"","background-media":"","overlay-type":"","overlay-color":"","overlay-opacity":"","overlay-gradient":""},"mobile":{"background-color":"","background-image":"","background-repeat":"repeat","background-position":"center center","background-size":"auto","background-attachment":"scroll","background-type":"","background-media":"","overlay-type":"","overlay-color":"","overlay-opacity":"","overlay-gradient":""}},"ast-content-background-meta":{"desktop":{"background-color":"var(--ast-global-color-4)","background-image":"","background-repeat":"repeat","background-position":"center center","background-size":"auto","background-attachment":"scroll","background-type":"","background-media":"","overlay-type":"","overlay-color":"","overlay-opacity":"","overlay-gradient":""},"tablet":{"background-color":"var(--ast-global-color-4)","background-image":"","background-repeat":"repeat","background-position":"center center","background-size":"auto","background-attachment":"scroll","background-type":"","background-media":"","overlay-type":"","overlay-color":"","overlay-opacity":"","overlay-gradient":""},"mobile":{"background-color":"var(--ast-global-color-4)","background-image":"","background-repeat":"repeat","background-position":"center center","background-size":"auto","background-attachment":"scroll","background-type":"","background-media":"","overlay-type":"","overlay-color":"","overlay-opacity":"","overlay-gradient":""}},"footnotes":""},"categories":[2,5],"tags":[],"class_list":["post-446","post","type-post","status-publish","format-standard","has-post-thumbnail","hentry","category-actualites","category-realisations"],"_links":{"self":[{"href":"https:\/\/minisante.gov.bi\/index.php?rest_route=\/wp\/v2\/posts\/446","targetHints":{"allow":["GET"]}}],"collection":[{"href":"https:\/\/minisante.gov.bi\/index.php?rest_route=\/wp\/v2\/posts"}],"about":[{"href":"https:\/\/minisante.gov.bi\/index.php?rest_route=\/wp\/v2\/types\/post"}],"author":[{"embeddable":true,"href":"https:\/\/minisante.gov.bi\/index.php?rest_route=\/wp\/v2\/users\/2"}],"replies":[{"embeddable":true,"href":"https:\/\/minisante.gov.bi\/index.php?rest_route=%2Fwp%2Fv2%2Fcomments&post=446"}],"version-history":[{"count":2,"href":"https:\/\/minisante.gov.bi\/index.php?rest_route=\/wp\/v2\/posts\/446\/revisions"}],"predecessor-version":[{"id":463,"href":"https:\/\/minisante.gov.bi\/index.php?rest_route=\/wp\/v2\/posts\/446\/revisions\/463"}],"wp:featuredmedia":[{"embeddable":true,"href":"https:\/\/minisante.gov.bi\/index.php?rest_route=\/wp\/v2\/media\/459"}],"wp:attachment":[{"href":"https:\/\/minisante.gov.bi\/index.php?rest_route=%2Fwp%2Fv2%2Fmedia&parent=446"}],"wp:term":[{"taxonomy":"category","embeddable":true,"href":"https:\/\/minisante.gov.bi\/index.php?rest_route=%2Fwp%2Fv2%2Fcategories&post=446"},{"taxonomy":"post_tag","embeddable":true,"href":"https:\/\/minisante.gov.bi\/index.php?rest_route=%2Fwp%2Fv2%2Ftags&post=446"}],"curies":[{"name":"wp","href":"https:\/\/api.w.org\/{rel}","templated":true}]}}