{"id":475,"date":"2019-10-15T13:45:49","date_gmt":"2019-10-15T11:45:49","guid":{"rendered":"http:\/\/minisante.bi\/?p=475"},"modified":"2019-10-16T13:48:03","modified_gmt":"2019-10-16T11:48:03","slug":"remise-des-prix-dexcellence-en-kinesitherapie-a-deux-etudiants-burundais-au-benin","status":"publish","type":"post","link":"https:\/\/minisante.gov.bi\/?p=475","title":{"rendered":"Remise des prix d\u2019excellence en Kin\u00e9sith\u00e9rapie \u00e0 deux \u00e9tudiants burundais au B\u00e9nin"},"content":{"rendered":"\n<p>En date du 02 Ao\u00fbt 2019, dans la salle le Prestigieux situ\u00e9e\n\u00e0 Aibatin au B\u00e9nin, il s\u2019est tenue une c\u00e9r\u00e9monie\nde remise des prix d\u2019excellence en Kin\u00e9sith\u00e9rapie (S.E.K) &nbsp;organis\u00e9e par l\u2019Association DJidid\u00e9 des\nEtudiants en Kin\u00e9sith\u00e9rapie du Benin, ADEK-B\u00e9nin. <\/p>\n\n\n\n<p>Ces\ndeux \u00e9tudiants figurent parmi d\u2019autres envoy\u00e9s au B\u00e9nin en 2018 dans le cadre\ndu r\u00e9sultat &nbsp;<strong>\u00ab&nbsp;Formation d\u2019un noyau des Ressources Humaines burundaises de qualit\u00e9&nbsp;\u00bb<\/strong>\npour le programme <strong>\u00ab&nbsp;Appui au\nD\u00e9veloppement de la M\u00e9decine Physique et R\u00e9adaptation au Burundi&nbsp;\u00bb <\/strong>ex\u00e9cut\u00e9\npar&nbsp;le&nbsp;Minist\u00e8re de Sant\u00e9 Publique et de la&nbsp;Lutte contre le SIDA\n(MSPLS) en partenariat avec l\u2019Association pour la Promotion de l\u2019Education et\nde la Formation \u00e0 l\u2019Etranger (APEFE) et le Conseil Pour Education et D\u00e9veloppement\n(COPE).\n\nSignalons que ces \u00e9tudiants\nBurundais &nbsp;ont \u00e9t\u00e9 envoy\u00e9s pour faire un\nbaccalaur\u00e9at et seront de retour en 2021\n\n\n\n<\/p>\n\n\n\n<div class=\"wp-block-image\"><figure class=\"aligncenter\"><img fetchpriority=\"high\" decoding=\"async\" width=\"448\" height=\"298\" src=\"http:\/\/minisante.bi\/wp-content\/uploads\/Arthemon-etudiant-burundais-avec-le-Pr-Ag-Toussaint-G.-KPADONOU-Sp\u00e9cialiste-en-M\u00e9decine-Physique-R\u00e9adaptation-et-Chef-de-Service-\u00e0-la-Clinique-Universitaire-de-MPR-1.jpg\" alt=\"\" class=\"wp-image-477\" srcset=\"https:\/\/minisante.gov.bi\/wp-content\/uploads\/Arthemon-etudiant-burundais-avec-le-Pr-Ag-Toussaint-G.-KPADONOU-Sp\u00e9cialiste-en-M\u00e9decine-Physique-R\u00e9adaptation-et-Chef-de-Service-\u00e0-la-Clinique-Universitaire-de-MPR-1.jpg 448w, https:\/\/minisante.gov.bi\/wp-content\/uploads\/Arthemon-etudiant-burundais-avec-le-Pr-Ag-Toussaint-G.-KPADONOU-Sp\u00e9cialiste-en-M\u00e9decine-Physique-R\u00e9adaptation-et-Chef-de-Service-\u00e0-la-Clinique-Universitaire-de-MPR-1-300x200.jpg 300w\" sizes=\"(max-width: 448px) 100vw, 448px\" \/><figcaption> <strong><em>Arth\u00e9mon Rwamigabo, <\/em><\/strong><em>Etudiant Burundais \u00e0 l\u2019Ecole Sup\u00e9rieure&nbsp; de Kin\u00e9sith\u00e9rapie (ESK) de Cotonou avec le <strong>Pr Ag Toussaint G.KPADONOU, <\/strong>Sp\u00e9cialiste en M\u00e9dicine Physique, R\u00e9adaptation et Chef de service \u00e0 la Clinique Universitaire de MPR<\/em> <\/figcaption><\/figure><\/div>\n\n\n\n<div class=\"wp-block-image\"><figure class=\"aligncenter\"><img decoding=\"async\" width=\"448\" height=\"298\" src=\"http:\/\/minisante.bi\/wp-content\/uploads\/Ernest-Niyomwungere-Etudiant-burundais-\u00e0-lEcole-Sup\u00e9rieure-de-Kin\u00e9sith\u00e9rapieESK-de-Cotonou-avec-Madame-BABI-Josiane-Kin\u00e9sith\u00e9rapeute-et-enseignante-\u00e0-lESK-de-Cotonou.jpg\" alt=\"\" class=\"wp-image-478\" srcset=\"https:\/\/minisante.gov.bi\/wp-content\/uploads\/Ernest-Niyomwungere-Etudiant-burundais-\u00e0-lEcole-Sup\u00e9rieure-de-Kin\u00e9sith\u00e9rapieESK-de-Cotonou-avec-Madame-BABI-Josiane-Kin\u00e9sith\u00e9rapeute-et-enseignante-\u00e0-lESK-de-Cotonou.jpg 448w, https:\/\/minisante.gov.bi\/wp-content\/uploads\/Ernest-Niyomwungere-Etudiant-burundais-\u00e0-lEcole-Sup\u00e9rieure-de-Kin\u00e9sith\u00e9rapieESK-de-Cotonou-avec-Madame-BABI-Josiane-Kin\u00e9sith\u00e9rapeute-et-enseignante-\u00e0-lESK-de-Cotonou-300x200.jpg 300w\" sizes=\"(max-width: 448px) 100vw, 448px\" \/><figcaption><strong><em>Ernest Niyomwungere,<\/em><\/strong><em>\u00e9tudiant Burundais \u00e0 l\u2019Ecole Sup\u00e9rieure&nbsp; de Kin\u00e9sith\u00e9rapie (ESK) de Cotonou avec <strong>Mme BABI Josiane, <\/strong>&nbsp;Kin\u00e9sith\u00e9rapeute et enseignant \u00e0 ESK de Cotonou <\/em> <\/figcaption><\/figure><\/div>\n\n\n\n<div class=\"wp-block-image\"><figure class=\"aligncenter\"><img decoding=\"async\" width=\"298\" height=\"448\" src=\"http:\/\/minisante.bi\/wp-content\/uploads\/Arthemon-Rwamigabo-Gateretse-Divine-et-Ernest-Niyomwungere-etudiants-Burundais-\u00e0-lESK-de-Cotonou-1.jpg\" alt=\"\" class=\"wp-image-479\" srcset=\"https:\/\/minisante.gov.bi\/wp-content\/uploads\/Arthemon-Rwamigabo-Gateretse-Divine-et-Ernest-Niyomwungere-etudiants-Burundais-\u00e0-lESK-de-Cotonou-1.jpg 298w, https:\/\/minisante.gov.bi\/wp-content\/uploads\/Arthemon-Rwamigabo-Gateretse-Divine-et-Ernest-Niyomwungere-etudiants-Burundais-\u00e0-lESK-de-Cotonou-1-200x300.jpg 200w\" sizes=\"(max-width: 298px) 100vw, 298px\" \/><figcaption><em>Au centre <strong>Gateretse Divine<\/strong> \u00e0 sa droite <\/em><strong><em>Arth\u00e9mon Rwamigabo et <\/em><\/strong><em>\u00e0 sa gauche<strong> Ernest Niyomwungere<\/strong> .Des \u00e9tudiant burundais qui suivent une formation en kin\u00e9sith\u00e9rapie \u00e0  Cotonou\u00a0<\/em> <\/figcaption><\/figure><\/div>\n\n\n\n<p>Des \u00e9tudiants ont \u00e9t\u00e9 pr\u00e9s\u00e9lectionn\u00e9s sur base des r\u00e9sultats obtenus en 1\u00e8re ann\u00e9e pour les prix d\u2019excellence. Parmi eux se trouvent deux \u00e9tudiants burundais en l\u2019occurrence <strong>Ernest Niyomwungere <\/strong>et<strong> Arth\u00e9mon Rwamigabo<\/strong>. Ces derniers ont \u00e9t\u00e9 prim\u00e9s en recevant les Prix d\u2019Excellence en Kin\u00e9sith\u00e9rapie.<\/p>\n","protected":false},"excerpt":{"rendered":"<p>En date du 02 Ao\u00fbt 2019, dans la salle le Prestigieux situ\u00e9e \u00e0 Aibatin au B\u00e9nin, il s\u2019est tenue une c\u00e9r\u00e9monie de remise des prix d\u2019excellence en Kin\u00e9sith\u00e9rapie (S.E.K) &nbsp;organis\u00e9e par l\u2019Association DJidid\u00e9 des Etudiants en Kin\u00e9sith\u00e9rapie du Benin, ADEK-B\u00e9nin. Ces deux \u00e9tudiants figurent parmi d\u2019autres envoy\u00e9s au B\u00e9nin en 2018 dans le cadre du [&hellip;]<\/p>\n","protected":false},"author":2,"featured_media":478,"comment_status":"closed","ping_status":"closed","sticky":false,"template":"","format":"standard","meta":{"site-sidebar-layout":"default","site-content-layout":"","ast-site-content-layout":"default","site-content-style":"default","site-sidebar-style":"default","ast-global-header-display":"","ast-banner-title-visibility":"","ast-main-header-display":"","ast-hfb-above-header-display":"","ast-hfb-below-header-display":"","ast-hfb-mobile-header-display":"","site-post-title":"","ast-breadcrumbs-content":"","ast-featured-img":"","footer-sml-layout":"","ast-disable-related-posts":"","theme-transparent-header-meta":"","adv-header-id-meta":"","stick-header-meta":"","header-above-stick-meta":"","header-main-stick-meta":"","header-below-stick-meta":"","astra-migrate-meta-layouts":"default","ast-page-background-enabled":"default","ast-page-background-meta":{"desktop":{"background-color":"var(--ast-global-color-5)","background-image":"","background-repeat":"repeat","background-position":"center center","background-size":"auto","background-attachment":"scroll","background-type":"","background-media":"","overlay-type":"","overlay-color":"","overlay-opacity":"","overlay-gradient":""},"tablet":{"background-color":"","background-image":"","background-repeat":"repeat","background-position":"center center","background-size":"auto","background-attachment":"scroll","background-type":"","background-media":"","overlay-type":"","overlay-color":"","overlay-opacity":"","overlay-gradient":""},"mobile":{"background-color":"","background-image":"","background-repeat":"repeat","background-position":"center center","background-size":"auto","background-attachment":"scroll","background-type":"","background-media":"","overlay-type":"","overlay-color":"","overlay-opacity":"","overlay-gradient":""}},"ast-content-background-meta":{"desktop":{"background-color":"var(--ast-global-color-4)","background-image":"","background-repeat":"repeat","background-position":"center center","background-size":"auto","background-attachment":"scroll","background-type":"","background-media":"","overlay-type":"","overlay-color":"","overlay-opacity":"","overlay-gradient":""},"tablet":{"background-color":"var(--ast-global-color-4)","background-image":"","background-repeat":"repeat","background-position":"center center","background-size":"auto","background-attachment":"scroll","background-type":"","background-media":"","overlay-type":"","overlay-color":"","overlay-opacity":"","overlay-gradient":""},"mobile":{"background-color":"var(--ast-global-color-4)","background-image":"","background-repeat":"repeat","background-position":"center center","background-size":"auto","background-attachment":"scroll","background-type":"","background-media":"","overlay-type":"","overlay-color":"","overlay-opacity":"","overlay-gradient":""}},"footnotes":""},"categories":[2,5],"tags":[53,51,56,55,54],"class_list":["post-475","post","type-post","status-publish","format-standard","has-post-thumbnail","hentry","category-actualites","category-realisations","tag-apefe","tag-benin","tag-cotonou","tag-esk","tag-mpr"],"_links":{"self":[{"href":"https:\/\/minisante.gov.bi\/index.php?rest_route=\/wp\/v2\/posts\/475","targetHints":{"allow":["GET"]}}],"collection":[{"href":"https:\/\/minisante.gov.bi\/index.php?rest_route=\/wp\/v2\/posts"}],"about":[{"href":"https:\/\/minisante.gov.bi\/index.php?rest_route=\/wp\/v2\/types\/post"}],"author":[{"embeddable":true,"href":"https:\/\/minisante.gov.bi\/index.php?rest_route=\/wp\/v2\/users\/2"}],"replies":[{"embeddable":true,"href":"https:\/\/minisante.gov.bi\/index.php?rest_route=%2Fwp%2Fv2%2Fcomments&post=475"}],"version-history":[{"count":3,"href":"https:\/\/minisante.gov.bi\/index.php?rest_route=\/wp\/v2\/posts\/475\/revisions"}],"predecessor-version":[{"id":483,"href":"https:\/\/minisante.gov.bi\/index.php?rest_route=\/wp\/v2\/posts\/475\/revisions\/483"}],"wp:featuredmedia":[{"embeddable":true,"href":"https:\/\/minisante.gov.bi\/index.php?rest_route=\/wp\/v2\/media\/478"}],"wp:attachment":[{"href":"https:\/\/minisante.gov.bi\/index.php?rest_route=%2Fwp%2Fv2%2Fmedia&parent=475"}],"wp:term":[{"taxonomy":"category","embeddable":true,"href":"https:\/\/minisante.gov.bi\/index.php?rest_route=%2Fwp%2Fv2%2Fcategories&post=475"},{"taxonomy":"post_tag","embeddable":true,"href":"https:\/\/minisante.gov.bi\/index.php?rest_route=%2Fwp%2Fv2%2Ftags&post=475"}],"curies":[{"name":"wp","href":"https:\/\/api.w.org\/{rel}","templated":true}]}}