{"id":871,"date":"2021-01-28T20:25:00","date_gmt":"2021-01-28T19:25:00","guid":{"rendered":"http:\/\/minisante.bi\/?p=871"},"modified":"2021-03-09T14:15:54","modified_gmt":"2021-03-09T13:15:54","slug":"mission-de-supervision-du-ministre-de-la-sante-publique-et-de-la-lutte-contre-le-sida","status":"publish","type":"post","link":"https:\/\/minisante.gov.bi\/?p=871","title":{"rendered":"Mission de supervision du Ministre de la Sant\u00e9 Publique et de la Lutte contre le Sida."},"content":{"rendered":"\n<figure class=\"wp-block-gallery columns-2 is-cropped wp-block-gallery-1 is-layout-flex wp-block-gallery-is-layout-flex\"><ul class=\"blocks-gallery-grid\"><li class=\"blocks-gallery-item\"><figure><img fetchpriority=\"high\" decoding=\"async\" width=\"448\" height=\"299\" src=\"http:\/\/minisante.bi\/wp-content\/uploads\/DSC_1182-2.jpg\" alt=\"\" data-id=\"870\" data-full-url=\"http:\/\/minisante.bi\/wp-content\/uploads\/DSC_1182-2.jpg\" data-link=\"http:\/\/minisante.bi\/?attachment_id=870\" class=\"wp-image-870\" srcset=\"https:\/\/minisante.gov.bi\/wp-content\/uploads\/DSC_1182-2.jpg 448w, https:\/\/minisante.gov.bi\/wp-content\/uploads\/DSC_1182-2-300x200.jpg 300w\" sizes=\"(max-width: 448px) 100vw, 448px\" \/><figcaption class=\"blocks-gallery-item__caption\"><strong><em>Recontre avec le personnel de l&rsquo;h\u00f4pital de Mpanda<\/em><\/strong><\/figcaption><\/figure><\/li><li class=\"blocks-gallery-item\"><figure><img decoding=\"async\" width=\"448\" height=\"299\" src=\"http:\/\/minisante.bi\/wp-content\/uploads\/DSC_1208.jpg\" alt=\"\" data-id=\"865\" data-full-url=\"http:\/\/minisante.bi\/wp-content\/uploads\/DSC_1208.jpg\" data-link=\"http:\/\/minisante.bi\/?attachment_id=865\" class=\"wp-image-865\" srcset=\"https:\/\/minisante.gov.bi\/wp-content\/uploads\/DSC_1208.jpg 448w, https:\/\/minisante.gov.bi\/wp-content\/uploads\/DSC_1208-300x200.jpg 300w\" sizes=\"(max-width: 448px) 100vw, 448px\" \/><figcaption class=\"blocks-gallery-item__caption\"><strong><em>Visite du Ministre de la Sant\u00e9 Publique et de la Lutte contre le Sida au chantier du centre de prise en charge des \u00e9pidemies de Mudubugu<\/em><\/strong><\/figcaption><\/figure><\/li><\/ul><\/figure>\n\n\n\n<p>Jeudi le 28\/1\/2021, le Ministre de la Sant\u00e9 Publique et de la Lutte contre le Sida a effectu\u00e9 une mission de supervision dans le district et province sanitaire de Bubanza plus pr\u00e9cis\u00e9ment \u00e0 l&rsquo;h\u00f4pital de Mpanda.          L\u2019objectif de cette mission \u00e9tait &nbsp;de se rendre compte de l\u2019\u00e9tat d\u2019avancement du syst\u00e8me d\u2019informatisation des services de l\u2019h\u00f4pital et de l\u2019\u00e9tat &nbsp;de fonctionnement des appareils de radiographie num\u00e9rique et du scanner ainsi que le chantier du centre de d\u00e9pistage des \u00e9pid\u00e9mies de Mudubugu en construction.<\/p>\n\n\n\n<p>A l&rsquo;h\u00f4pital de Mpanda, le Ministre Dr Thadd\u00e9e NDIKUMANA a rencontr\u00e9 le personnel &nbsp;utilisateur de la technologie informatique en cours de formation dans cette structure choisie pour \u00eatre pilote de l\u2019informatisation des services offerts \u00e0 la population. Il a fait savoir que ce programme va promouvoir la gestion de la CAM, l\u2019identification des indigents, l\u2019administration de tutelle, la gestion des ressources humaines et financi\u00e8res ainsi que l&rsquo;archivage des documents.<\/p>\n\n\n\n<p>Le Ministre Dr Thadd\u00e9e NDIKUMANA a poursuivi sa visite dans les diff\u00e9rents services de cet h\u00f4pital. Apr\u00e8s&nbsp; sa visite, le Ministre s&rsquo;est r\u00e9jouit de trouver en bon \u00e9tat le mat\u00e9riel de radiographie num\u00e9rique et le scanner et appelle la population \u00e0 recourir \u00e0 ces services de l\u2019h\u00f4pital en cas de besoin.<\/p>\n\n\n\n<figure class=\"wp-block-gallery columns-2 is-cropped wp-block-gallery-2 is-layout-flex wp-block-gallery-is-layout-flex\"><ul class=\"blocks-gallery-grid\"><li class=\"blocks-gallery-item\"><figure><img decoding=\"async\" width=\"960\" height=\"640\" src=\"http:\/\/minisante.bi\/wp-content\/uploads\/144050314_3757859497570621_1837716859144705944_n.jpg\" alt=\"\" data-id=\"907\" data-link=\"http:\/\/minisante.bi\/?attachment_id=907\" class=\"wp-image-907\" srcset=\"https:\/\/minisante.gov.bi\/wp-content\/uploads\/144050314_3757859497570621_1837716859144705944_n.jpg 960w, https:\/\/minisante.gov.bi\/wp-content\/uploads\/144050314_3757859497570621_1837716859144705944_n-300x200.jpg 300w, https:\/\/minisante.gov.bi\/wp-content\/uploads\/144050314_3757859497570621_1837716859144705944_n-768x512.jpg 768w\" sizes=\"(max-width: 960px) 100vw, 960px\" \/><figcaption class=\"blocks-gallery-item__caption\"><strong><em>scanner<\/em><\/strong><\/figcaption><\/figure><\/li><li class=\"blocks-gallery-item\"><figure><img loading=\"lazy\" decoding=\"async\" width=\"960\" height=\"640\" src=\"http:\/\/minisante.bi\/wp-content\/uploads\/144202311_3757859647570606_8685936855708353440_n.jpg\" alt=\"\" data-id=\"908\" data-full-url=\"http:\/\/minisante.bi\/wp-content\/uploads\/144202311_3757859647570606_8685936855708353440_n.jpg\" data-link=\"http:\/\/minisante.bi\/?attachment_id=908\" class=\"wp-image-908\" srcset=\"https:\/\/minisante.gov.bi\/wp-content\/uploads\/144202311_3757859647570606_8685936855708353440_n.jpg 960w, https:\/\/minisante.gov.bi\/wp-content\/uploads\/144202311_3757859647570606_8685936855708353440_n-300x200.jpg 300w, https:\/\/minisante.gov.bi\/wp-content\/uploads\/144202311_3757859647570606_8685936855708353440_n-768x512.jpg 768w\" sizes=\"(max-width: 960px) 100vw, 960px\" \/><figcaption class=\"blocks-gallery-item__caption\"><strong><em>radiographie num\u00e9rique<\/em><\/strong><\/figcaption><\/figure><\/li><\/ul><\/figure>\n\n\n\n<p>Il a saisi de cette occasion pour encourager le personnel de cet h\u00f4pital &nbsp;\u00e0 travailler assid\u00fbment en vue d&rsquo;am\u00e9liorer les prestations des services offerts \u00e0 cet h\u00f4pital plus sp\u00e9cialement le bon accueil des patients pour que cet \u00e9tablissement hospitalier soit r\u00e9ellement un \u00ab\u00a0h\u00f4pital mvyeyi\u00a0\u00bb<\/p>\n\n\n\n<p>Le Ministre Dr Thadd\u00e9e a termin\u00e9 sa descente sur terrain \u00e0 Bubanza par la visite du chantier qui abritera le centre de prise en charge des \u00e9pid\u00e9mies de Mudubugu dont le calendrier de fin des travaux est projet\u00e9 au 10\/3\/2021.<\/p>\n\n\n\n<p>Le Ministre a indiqu\u00e9 qu\u2019avec le mois d\u2019avril, les cas positifs au #COVID-19 seront transf\u00e9r\u00e9s dans ce centre pour leur prise en charge et de cette fa\u00e7on la r\u00e9quisition de l\u2019h\u00f4tel Source du Nil par le Gouvernement du Burundi prendra fin.<\/p>\n\n\n\n<figure class=\"wp-block-gallery columns-2 is-cropped wp-block-gallery-3 is-layout-flex wp-block-gallery-is-layout-flex\"><ul class=\"blocks-gallery-grid\"><li class=\"blocks-gallery-item\"><figure><img loading=\"lazy\" decoding=\"async\" width=\"448\" height=\"299\" src=\"http:\/\/minisante.bi\/wp-content\/uploads\/DSC_1238.jpg\" alt=\"\" data-id=\"867\" data-full-url=\"http:\/\/minisante.bi\/wp-content\/uploads\/DSC_1238.jpg\" data-link=\"http:\/\/minisante.bi\/?attachment_id=867\" class=\"wp-image-867\" srcset=\"https:\/\/minisante.gov.bi\/wp-content\/uploads\/DSC_1238.jpg 448w, https:\/\/minisante.gov.bi\/wp-content\/uploads\/DSC_1238-300x200.jpg 300w\" sizes=\"(max-width: 448px) 100vw, 448px\" \/><figcaption class=\"blocks-gallery-item__caption\"><strong><em>Vue du Chantier<\/em><\/strong><\/figcaption><\/figure><\/li><li class=\"blocks-gallery-item\"><figure><img loading=\"lazy\" decoding=\"async\" width=\"448\" height=\"299\" src=\"http:\/\/minisante.bi\/wp-content\/uploads\/DSC_1233.jpg\" alt=\"\" data-id=\"866\" data-full-url=\"http:\/\/minisante.bi\/wp-content\/uploads\/DSC_1233.jpg\" data-link=\"http:\/\/minisante.bi\/?attachment_id=866\" class=\"wp-image-866\" srcset=\"https:\/\/minisante.gov.bi\/wp-content\/uploads\/DSC_1233.jpg 448w, https:\/\/minisante.gov.bi\/wp-content\/uploads\/DSC_1233-300x200.jpg 300w\" sizes=\"(max-width: 448px) 100vw, 448px\" \/><figcaption class=\"blocks-gallery-item__caption\"><strong><em>Visite  guid\u00e9 du Ministre Dr Thadd\u00e9e NDIKUMANA<\/em><\/strong><\/figcaption><\/figure><\/li><\/ul><\/figure>\n\n\n\n<p><\/p>\n","protected":false},"excerpt":{"rendered":"<p>Jeudi le 28\/1\/2021, le Ministre de la Sant\u00e9 Publique et de la Lutte contre le Sida a effectu\u00e9 une mission de supervision dans le district et province sanitaire de Bubanza plus pr\u00e9cis\u00e9ment \u00e0 l&rsquo;h\u00f4pital de Mpanda. L\u2019objectif de cette mission \u00e9tait &nbsp;de se rendre compte de l\u2019\u00e9tat d\u2019avancement du syst\u00e8me d\u2019informatisation des services de l\u2019h\u00f4pital [&hellip;]<\/p>\n","protected":false},"author":2,"featured_media":0,"comment_status":"closed","ping_status":"closed","sticky":false,"template":"","format":"standard","meta":{"site-sidebar-layout":"default","site-content-layout":"","ast-site-content-layout":"default","site-content-style":"default","site-sidebar-style":"default","ast-global-header-display":"","ast-banner-title-visibility":"","ast-main-header-display":"","ast-hfb-above-header-display":"","ast-hfb-below-header-display":"","ast-hfb-mobile-header-display":"","site-post-title":"","ast-breadcrumbs-content":"","ast-featured-img":"","footer-sml-layout":"","ast-disable-related-posts":"","theme-transparent-header-meta":"","adv-header-id-meta":"","stick-header-meta":"","header-above-stick-meta":"","header-main-stick-meta":"","header-below-stick-meta":"","astra-migrate-meta-layouts":"default","ast-page-background-enabled":"default","ast-page-background-meta":{"desktop":{"background-color":"var(--ast-global-color-5)","background-image":"","background-repeat":"repeat","background-position":"center center","background-size":"auto","background-attachment":"scroll","background-type":"","background-media":"","overlay-type":"","overlay-color":"","overlay-opacity":"","overlay-gradient":""},"tablet":{"background-color":"","background-image":"","background-repeat":"repeat","background-position":"center center","background-size":"auto","background-attachment":"scroll","background-type":"","background-media":"","overlay-type":"","overlay-color":"","overlay-opacity":"","overlay-gradient":""},"mobile":{"background-color":"","background-image":"","background-repeat":"repeat","background-position":"center center","background-size":"auto","background-attachment":"scroll","background-type":"","background-media":"","overlay-type":"","overlay-color":"","overlay-opacity":"","overlay-gradient":""}},"ast-content-background-meta":{"desktop":{"background-color":"var(--ast-global-color-4)","background-image":"","background-repeat":"repeat","background-position":"center center","background-size":"auto","background-attachment":"scroll","background-type":"","background-media":"","overlay-type":"","overlay-color":"","overlay-opacity":"","overlay-gradient":""},"tablet":{"background-color":"var(--ast-global-color-4)","background-image":"","background-repeat":"repeat","background-position":"center center","background-size":"auto","background-attachment":"scroll","background-type":"","background-media":"","overlay-type":"","overlay-color":"","overlay-opacity":"","overlay-gradient":""},"mobile":{"background-color":"var(--ast-global-color-4)","background-image":"","background-repeat":"repeat","background-position":"center center","background-size":"auto","background-attachment":"scroll","background-type":"","background-media":"","overlay-type":"","overlay-color":"","overlay-opacity":"","overlay-gradient":""}},"footnotes":""},"categories":[2,5],"tags":[],"class_list":["post-871","post","type-post","status-publish","format-standard","hentry","category-actualites","category-realisations"],"_links":{"self":[{"href":"https:\/\/minisante.gov.bi\/index.php?rest_route=\/wp\/v2\/posts\/871","targetHints":{"allow":["GET"]}}],"collection":[{"href":"https:\/\/minisante.gov.bi\/index.php?rest_route=\/wp\/v2\/posts"}],"about":[{"href":"https:\/\/minisante.gov.bi\/index.php?rest_route=\/wp\/v2\/types\/post"}],"author":[{"embeddable":true,"href":"https:\/\/minisante.gov.bi\/index.php?rest_route=\/wp\/v2\/users\/2"}],"replies":[{"embeddable":true,"href":"https:\/\/minisante.gov.bi\/index.php?rest_route=%2Fwp%2Fv2%2Fcomments&post=871"}],"version-history":[{"count":3,"href":"https:\/\/minisante.gov.bi\/index.php?rest_route=\/wp\/v2\/posts\/871\/revisions"}],"predecessor-version":[{"id":911,"href":"https:\/\/minisante.gov.bi\/index.php?rest_route=\/wp\/v2\/posts\/871\/revisions\/911"}],"wp:attachment":[{"href":"https:\/\/minisante.gov.bi\/index.php?rest_route=%2Fwp%2Fv2%2Fmedia&parent=871"}],"wp:term":[{"taxonomy":"category","embeddable":true,"href":"https:\/\/minisante.gov.bi\/index.php?rest_route=%2Fwp%2Fv2%2Fcategories&post=871"},{"taxonomy":"post_tag","embeddable":true,"href":"https:\/\/minisante.gov.bi\/index.php?rest_route=%2Fwp%2Fv2%2Ftags&post=871"}],"curies":[{"name":"wp","href":"https:\/\/api.w.org\/{rel}","templated":true}]}}